{"id":292,"date":"2016-11-14T11:32:18","date_gmt":"2016-11-14T10:32:18","guid":{"rendered":"https:\/\/lesnouveauxmythes.sisternet.fr\/?p=292"},"modified":"2026-01-05T22:15:41","modified_gmt":"2026-01-05T21:15:41","slug":"liberte-de-penser-devient-facteur-de-cohesion-sociale","status":"publish","type":"post","link":"https:\/\/lesnouveauxmythes.sisternet.fr\/?p=292","title":{"rendered":"Quand la libert\u00e9 de penser devient un facteur de coh\u00e9sion sociale"},"content":{"rendered":"<p>Le Dauphin\u00e9 Lib\u00e9r\u00e9 du Vendredi 11 novembre 2016<br \/>\n<img loading=\"lazy\" decoding=\"async\" class=\"aligncenter size-full wp-image-287\" src=\"https:\/\/lesnouveauxmythes.sisternet.fr\/wp-content\/uploads\/2016\/11\/Page-13-edition-de-grenoble-centre-20161111_les_nouveaux_mythes.jpg\" alt=\"px\" width=\"883\" height=\"544\" srcset=\"https:\/\/lesnouveauxmythes.sisternet.fr\/wp-content\/uploads\/2016\/11\/Page-13-edition-de-grenoble-centre-20161111_les_nouveaux_mythes.jpg 883w, https:\/\/lesnouveauxmythes.sisternet.fr\/wp-content\/uploads\/2016\/11\/Page-13-edition-de-grenoble-centre-20161111_les_nouveaux_mythes-300x185.jpg 300w, https:\/\/lesnouveauxmythes.sisternet.fr\/wp-content\/uploads\/2016\/11\/Page-13-edition-de-grenoble-centre-20161111_les_nouveaux_mythes-768x473.jpg 768w, https:\/\/lesnouveauxmythes.sisternet.fr\/wp-content\/uploads\/2016\/11\/Page-13-edition-de-grenoble-centre-20161111_les_nouveaux_mythes-487x300.jpg 487w\" sizes=\"auto, (max-width: 883px) 100vw, 883px\" \/><\/p>\n","protected":false},"excerpt":{"rendered":"<p>Le Dauphin\u00e9 Lib\u00e9r\u00e9 du Vendredi 11 novembre 2016<\/p>\n","protected":false},"author":4,"featured_media":289,"comment_status":"closed","ping_status":"closed","sticky":false,"template":"","format":"standard","meta":{"footnotes":""},"categories":[5],"tags":[],"class_list":["post-292","post","type-post","status-publish","format-standard","has-post-thumbnail","hentry","category-presse"],"yoast_head":"<!-- This site is optimized with the Yoast SEO plugin v27.1.1 - https:\/\/yoast.com\/product\/yoast-seo-wordpress\/ -->\n<title>Quand la libert\u00e9 de penser devient un facteur de coh\u00e9sion sociale - Les nouveaux mythes<\/title>\n<meta name=\"robots\" content=\"index, follow, max-snippet:-1, max-image-preview:large, max-video-preview:-1\" \/>\n<link rel=\"canonical\" href=\"https:\/\/lesnouveauxmythes.sisternet.fr\/?p=292\" \/>\n<meta property=\"og:locale\" content=\"fr_FR\" \/>\n<meta property=\"og:type\" content=\"article\" \/>\n<meta property=\"og:title\" content=\"Quand la libert\u00e9 de penser devient un facteur de coh\u00e9sion sociale - Les nouveaux mythes\" \/>\n<meta property=\"og:description\" content=\"Le Dauphin\u00e9 Lib\u00e9r\u00e9 du Vendredi 11 novembre 2016\" \/>\n<meta property=\"og:url\" content=\"https:\/\/lesnouveauxmythes.sisternet.fr\/?p=292\" \/>\n<meta property=\"og:site_name\" content=\"Les nouveaux mythes\" \/>\n<meta property=\"article:publisher\" content=\"https:\/\/www.facebook.com\/lesnouveauxmythes\/\" \/>\n<meta property=\"article:published_time\" content=\"2016-11-14T10:32:18+00:00\" \/>\n<meta property=\"article:modified_time\" content=\"2026-01-05T21:15:41+00:00\" \/>\n<meta property=\"og:image\" content=\"https:\/\/lesnouveauxmythes.sisternet.fr\/wp-content\/uploads\/2016\/11\/les_nouveaux_mythes_antoine_ferlito_jospeh_caprio_martine_arnaud_goddet_berger_rossela_genovese_1011_stephane_muh_vincent_costarella_vince_bank_claire_nicolas-fioraso.jpg\" \/>\n\t<meta property=\"og:image:width\" content=\"600\" \/>\n\t<meta property=\"og:image:height\" content=\"438\" \/>\n\t<meta property=\"og:image:type\" content=\"image\/jpeg\" \/>\n<meta name=\"author\" content=\"RGNM2026\" \/>\n<meta name=\"twitter:card\" content=\"summary_large_image\" \/>\n<meta name=\"twitter:label1\" content=\"\u00c9crit par\" \/>\n\t<meta name=\"twitter:data1\" content=\"RGNM2026\" \/>\n<script type=\"application\/ld+json\" class=\"yoast-schema-graph\">{\"@context\":\"https:\/\/schema.org\",\"@graph\":[{\"@type\":\"Article\",\"@id\":\"https:\/\/lesnouveauxmythes.sisternet.fr\/?p=292#article\",\"isPartOf\":{\"@id\":\"https:\/\/lesnouveauxmythes.sisternet.fr\/?p=292\"},\"author\":{\"name\":\"RGNM2026\",\"@id\":\"https:\/\/lesnouveauxmythes.sisternet.fr\/#\/schema\/person\/7dc6c0d12c4b0f5e68ffa154af45adc5\"},\"headline\":\"Quand la libert\u00e9 de penser devient un facteur de coh\u00e9sion sociale\",\"datePublished\":\"2016-11-14T10:32:18+00:00\",\"dateModified\":\"2026-01-05T21:15:41+00:00\",\"mainEntityOfPage\":{\"@id\":\"https:\/\/lesnouveauxmythes.sisternet.fr\/?p=292\"},\"wordCount\":19,\"publisher\":{\"@id\":\"https:\/\/lesnouveauxmythes.sisternet.fr\/#organization\"},\"image\":{\"@id\":\"https:\/\/lesnouveauxmythes.sisternet.fr\/?p=292#primaryimage\"},\"thumbnailUrl\":\"https:\/\/lesnouveauxmythes.sisternet.fr\/wp-content\/uploads\/2016\/11\/les_nouveaux_mythes_antoine_ferlito_jospeh_caprio_martine_arnaud_goddet_berger_rossela_genovese_1011_stephane_muh_vincent_costarella_vince_bank_claire_nicolas-fioraso.jpg\",\"articleSection\":[\"Presse\"],\"inLanguage\":\"fr-FR\"},{\"@type\":\"WebPage\",\"@id\":\"https:\/\/lesnouveauxmythes.sisternet.fr\/?p=292\",\"url\":\"https:\/\/lesnouveauxmythes.sisternet.fr\/?p=292\",\"name\":\"Quand la libert\u00e9 de penser devient un facteur de coh\u00e9sion sociale - Les nouveaux mythes\",\"isPartOf\":{\"@id\":\"https:\/\/lesnouveauxmythes.sisternet.fr\/#website\"},\"primaryImageOfPage\":{\"@id\":\"https:\/\/lesnouveauxmythes.sisternet.fr\/?p=292#primaryimage\"},\"image\":{\"@id\":\"https:\/\/lesnouveauxmythes.sisternet.fr\/?p=292#primaryimage\"},\"thumbnailUrl\":\"https:\/\/lesnouveauxmythes.sisternet.fr\/wp-content\/uploads\/2016\/11\/les_nouveaux_mythes_antoine_ferlito_jospeh_caprio_martine_arnaud_goddet_berger_rossela_genovese_1011_stephane_muh_vincent_costarella_vince_bank_claire_nicolas-fioraso.jpg\",\"datePublished\":\"2016-11-14T10:32:18+00:00\",\"dateModified\":\"2026-01-05T21:15:41+00:00\",\"breadcrumb\":{\"@id\":\"https:\/\/lesnouveauxmythes.sisternet.fr\/?p=292#breadcrumb\"},\"inLanguage\":\"fr-FR\",\"potentialAction\":[{\"@type\":\"ReadAction\",\"target\":[\"https:\/\/lesnouveauxmythes.sisternet.fr\/?p=292\"]}]},{\"@type\":\"ImageObject\",\"inLanguage\":\"fr-FR\",\"@id\":\"https:\/\/lesnouveauxmythes.sisternet.fr\/?p=292#primaryimage\",\"url\":\"https:\/\/lesnouveauxmythes.sisternet.fr\/wp-content\/uploads\/2016\/11\/les_nouveaux_mythes_antoine_ferlito_jospeh_caprio_martine_arnaud_goddet_berger_rossela_genovese_1011_stephane_muh_vincent_costarella_vince_bank_claire_nicolas-fioraso.jpg\",\"contentUrl\":\"https:\/\/lesnouveauxmythes.sisternet.fr\/wp-content\/uploads\/2016\/11\/les_nouveaux_mythes_antoine_ferlito_jospeh_caprio_martine_arnaud_goddet_berger_rossela_genovese_1011_stephane_muh_vincent_costarella_vince_bank_claire_nicolas-fioraso.jpg\",\"width\":600,\"height\":438,\"caption\":\"Les artistes de l'exposition \\\"Les nouveaux mythes\\\".\"},{\"@type\":\"BreadcrumbList\",\"@id\":\"https:\/\/lesnouveauxmythes.sisternet.fr\/?p=292#breadcrumb\",\"itemListElement\":[{\"@type\":\"ListItem\",\"position\":1,\"name\":\"Accueil\",\"item\":\"https:\/\/lesnouveauxmythes.sisternet.fr\/\"},{\"@type\":\"ListItem\",\"position\":2,\"name\":\"Quand la libert\u00e9 de penser devient un facteur de coh\u00e9sion sociale\"}]},{\"@type\":\"WebSite\",\"@id\":\"https:\/\/lesnouveauxmythes.sisternet.fr\/#website\",\"url\":\"https:\/\/lesnouveauxmythes.sisternet.fr\/\",\"name\":\"Les nouveaux mythes\",\"description\":\"Exposition impertinente\",\"publisher\":{\"@id\":\"https:\/\/lesnouveauxmythes.sisternet.fr\/#organization\"},\"potentialAction\":[{\"@type\":\"SearchAction\",\"target\":{\"@type\":\"EntryPoint\",\"urlTemplate\":\"https:\/\/lesnouveauxmythes.sisternet.fr\/?s={search_term_string}\"},\"query-input\":{\"@type\":\"PropertyValueSpecification\",\"valueRequired\":true,\"valueName\":\"search_term_string\"}}],\"inLanguage\":\"fr-FR\"},{\"@type\":\"Organization\",\"@id\":\"https:\/\/lesnouveauxmythes.sisternet.fr\/#organization\",\"name\":\"Les nouveaux mythes\",\"url\":\"https:\/\/lesnouveauxmythes.sisternet.fr\/\",\"logo\":{\"@type\":\"ImageObject\",\"inLanguage\":\"fr-FR\",\"@id\":\"https:\/\/lesnouveauxmythes.sisternet.fr\/#\/schema\/logo\/image\/\",\"url\":\"https:\/\/lesnouveauxmythes.sisternet.fr\/wp-content\/uploads\/2026\/03\/logo-lesnouveauxmythes-954x1300px-1.png\",\"contentUrl\":\"https:\/\/lesnouveauxmythes.sisternet.fr\/wp-content\/uploads\/2026\/03\/logo-lesnouveauxmythes-954x1300px-1.png\",\"width\":248,\"height\":248,\"caption\":\"Les nouveaux mythes\"},\"image\":{\"@id\":\"https:\/\/lesnouveauxmythes.sisternet.fr\/#\/schema\/logo\/image\/\"},\"sameAs\":[\"https:\/\/www.facebook.com\/lesnouveauxmythes\/\"]},{\"@type\":\"Person\",\"@id\":\"https:\/\/lesnouveauxmythes.sisternet.fr\/#\/schema\/person\/7dc6c0d12c4b0f5e68ffa154af45adc5\",\"name\":\"RGNM2026\",\"image\":{\"@type\":\"ImageObject\",\"inLanguage\":\"fr-FR\",\"@id\":\"https:\/\/lesnouveauxmythes.sisternet.fr\/#\/schema\/person\/image\/\",\"url\":\"https:\/\/secure.gravatar.com\/avatar\/?s=96&d=mm&r=g\",\"contentUrl\":\"https:\/\/secure.gravatar.com\/avatar\/?s=96&d=mm&r=g\",\"caption\":\"RGNM2026\"},\"url\":\"https:\/\/lesnouveauxmythes.sisternet.fr\/?author=4\"}]}<\/script>\n<!-- \/ Yoast SEO plugin. -->","yoast_head_json":{"title":"Quand la libert\u00e9 de penser devient un facteur de coh\u00e9sion sociale - Les nouveaux mythes","robots":{"index":"index","follow":"follow","max-snippet":"max-snippet:-1","max-image-preview":"max-image-preview:large","max-video-preview":"max-video-preview:-1"},"canonical":"https:\/\/lesnouveauxmythes.sisternet.fr\/?p=292","og_locale":"fr_FR","og_type":"article","og_title":"Quand la libert\u00e9 de penser devient un facteur de coh\u00e9sion sociale - Les nouveaux mythes","og_description":"Le Dauphin\u00e9 Lib\u00e9r\u00e9 du Vendredi 11 novembre 2016","og_url":"https:\/\/lesnouveauxmythes.sisternet.fr\/?p=292","og_site_name":"Les nouveaux mythes","article_publisher":"https:\/\/www.facebook.com\/lesnouveauxmythes\/","article_published_time":"2016-11-14T10:32:18+00:00","article_modified_time":"2026-01-05T21:15:41+00:00","og_image":[{"width":600,"height":438,"url":"https:\/\/lesnouveauxmythes.sisternet.fr\/wp-content\/uploads\/2016\/11\/les_nouveaux_mythes_antoine_ferlito_jospeh_caprio_martine_arnaud_goddet_berger_rossela_genovese_1011_stephane_muh_vincent_costarella_vince_bank_claire_nicolas-fioraso.jpg","type":"image\/jpeg"}],"author":"RGNM2026","twitter_card":"summary_large_image","twitter_misc":{"\u00c9crit par":"RGNM2026"},"schema":{"@context":"https:\/\/schema.org","@graph":[{"@type":"Article","@id":"https:\/\/lesnouveauxmythes.sisternet.fr\/?p=292#article","isPartOf":{"@id":"https:\/\/lesnouveauxmythes.sisternet.fr\/?p=292"},"author":{"name":"RGNM2026","@id":"https:\/\/lesnouveauxmythes.sisternet.fr\/#\/schema\/person\/7dc6c0d12c4b0f5e68ffa154af45adc5"},"headline":"Quand la libert\u00e9 de penser devient un facteur de coh\u00e9sion sociale","datePublished":"2016-11-14T10:32:18+00:00","dateModified":"2026-01-05T21:15:41+00:00","mainEntityOfPage":{"@id":"https:\/\/lesnouveauxmythes.sisternet.fr\/?p=292"},"wordCount":19,"publisher":{"@id":"https:\/\/lesnouveauxmythes.sisternet.fr\/#organization"},"image":{"@id":"https:\/\/lesnouveauxmythes.sisternet.fr\/?p=292#primaryimage"},"thumbnailUrl":"https:\/\/lesnouveauxmythes.sisternet.fr\/wp-content\/uploads\/2016\/11\/les_nouveaux_mythes_antoine_ferlito_jospeh_caprio_martine_arnaud_goddet_berger_rossela_genovese_1011_stephane_muh_vincent_costarella_vince_bank_claire_nicolas-fioraso.jpg","articleSection":["Presse"],"inLanguage":"fr-FR"},{"@type":"WebPage","@id":"https:\/\/lesnouveauxmythes.sisternet.fr\/?p=292","url":"https:\/\/lesnouveauxmythes.sisternet.fr\/?p=292","name":"Quand la libert\u00e9 de penser devient un facteur de coh\u00e9sion sociale - Les nouveaux mythes","isPartOf":{"@id":"https:\/\/lesnouveauxmythes.sisternet.fr\/#website"},"primaryImageOfPage":{"@id":"https:\/\/lesnouveauxmythes.sisternet.fr\/?p=292#primaryimage"},"image":{"@id":"https:\/\/lesnouveauxmythes.sisternet.fr\/?p=292#primaryimage"},"thumbnailUrl":"https:\/\/lesnouveauxmythes.sisternet.fr\/wp-content\/uploads\/2016\/11\/les_nouveaux_mythes_antoine_ferlito_jospeh_caprio_martine_arnaud_goddet_berger_rossela_genovese_1011_stephane_muh_vincent_costarella_vince_bank_claire_nicolas-fioraso.jpg","datePublished":"2016-11-14T10:32:18+00:00","dateModified":"2026-01-05T21:15:41+00:00","breadcrumb":{"@id":"https:\/\/lesnouveauxmythes.sisternet.fr\/?p=292#breadcrumb"},"inLanguage":"fr-FR","potentialAction":[{"@type":"ReadAction","target":["https:\/\/lesnouveauxmythes.sisternet.fr\/?p=292"]}]},{"@type":"ImageObject","inLanguage":"fr-FR","@id":"https:\/\/lesnouveauxmythes.sisternet.fr\/?p=292#primaryimage","url":"https:\/\/lesnouveauxmythes.sisternet.fr\/wp-content\/uploads\/2016\/11\/les_nouveaux_mythes_antoine_ferlito_jospeh_caprio_martine_arnaud_goddet_berger_rossela_genovese_1011_stephane_muh_vincent_costarella_vince_bank_claire_nicolas-fioraso.jpg","contentUrl":"https:\/\/lesnouveauxmythes.sisternet.fr\/wp-content\/uploads\/2016\/11\/les_nouveaux_mythes_antoine_ferlito_jospeh_caprio_martine_arnaud_goddet_berger_rossela_genovese_1011_stephane_muh_vincent_costarella_vince_bank_claire_nicolas-fioraso.jpg","width":600,"height":438,"caption":"Les artistes de l'exposition \"Les nouveaux mythes\"."},{"@type":"BreadcrumbList","@id":"https:\/\/lesnouveauxmythes.sisternet.fr\/?p=292#breadcrumb","itemListElement":[{"@type":"ListItem","position":1,"name":"Accueil","item":"https:\/\/lesnouveauxmythes.sisternet.fr\/"},{"@type":"ListItem","position":2,"name":"Quand la libert\u00e9 de penser devient un facteur de coh\u00e9sion sociale"}]},{"@type":"WebSite","@id":"https:\/\/lesnouveauxmythes.sisternet.fr\/#website","url":"https:\/\/lesnouveauxmythes.sisternet.fr\/","name":"Les nouveaux mythes","description":"Exposition impertinente","publisher":{"@id":"https:\/\/lesnouveauxmythes.sisternet.fr\/#organization"},"potentialAction":[{"@type":"SearchAction","target":{"@type":"EntryPoint","urlTemplate":"https:\/\/lesnouveauxmythes.sisternet.fr\/?s={search_term_string}"},"query-input":{"@type":"PropertyValueSpecification","valueRequired":true,"valueName":"search_term_string"}}],"inLanguage":"fr-FR"},{"@type":"Organization","@id":"https:\/\/lesnouveauxmythes.sisternet.fr\/#organization","name":"Les nouveaux mythes","url":"https:\/\/lesnouveauxmythes.sisternet.fr\/","logo":{"@type":"ImageObject","inLanguage":"fr-FR","@id":"https:\/\/lesnouveauxmythes.sisternet.fr\/#\/schema\/logo\/image\/","url":"https:\/\/lesnouveauxmythes.sisternet.fr\/wp-content\/uploads\/2026\/03\/logo-lesnouveauxmythes-954x1300px-1.png","contentUrl":"https:\/\/lesnouveauxmythes.sisternet.fr\/wp-content\/uploads\/2026\/03\/logo-lesnouveauxmythes-954x1300px-1.png","width":248,"height":248,"caption":"Les nouveaux mythes"},"image":{"@id":"https:\/\/lesnouveauxmythes.sisternet.fr\/#\/schema\/logo\/image\/"},"sameAs":["https:\/\/www.facebook.com\/lesnouveauxmythes\/"]},{"@type":"Person","@id":"https:\/\/lesnouveauxmythes.sisternet.fr\/#\/schema\/person\/7dc6c0d12c4b0f5e68ffa154af45adc5","name":"RGNM2026","image":{"@type":"ImageObject","inLanguage":"fr-FR","@id":"https:\/\/lesnouveauxmythes.sisternet.fr\/#\/schema\/person\/image\/","url":"https:\/\/secure.gravatar.com\/avatar\/?s=96&d=mm&r=g","contentUrl":"https:\/\/secure.gravatar.com\/avatar\/?s=96&d=mm&r=g","caption":"RGNM2026"},"url":"https:\/\/lesnouveauxmythes.sisternet.fr\/?author=4"}]}},"_links":{"self":[{"href":"https:\/\/lesnouveauxmythes.sisternet.fr\/index.php?rest_route=\/wp\/v2\/posts\/292","targetHints":{"allow":["GET"]}}],"collection":[{"href":"https:\/\/lesnouveauxmythes.sisternet.fr\/index.php?rest_route=\/wp\/v2\/posts"}],"about":[{"href":"https:\/\/lesnouveauxmythes.sisternet.fr\/index.php?rest_route=\/wp\/v2\/types\/post"}],"author":[{"embeddable":true,"href":"https:\/\/lesnouveauxmythes.sisternet.fr\/index.php?rest_route=\/wp\/v2\/users\/4"}],"replies":[{"embeddable":true,"href":"https:\/\/lesnouveauxmythes.sisternet.fr\/index.php?rest_route=%2Fwp%2Fv2%2Fcomments&post=292"}],"version-history":[{"count":4,"href":"https:\/\/lesnouveauxmythes.sisternet.fr\/index.php?rest_route=\/wp\/v2\/posts\/292\/revisions"}],"predecessor-version":[{"id":436,"href":"https:\/\/lesnouveauxmythes.sisternet.fr\/index.php?rest_route=\/wp\/v2\/posts\/292\/revisions\/436"}],"wp:featuredmedia":[{"embeddable":true,"href":"https:\/\/lesnouveauxmythes.sisternet.fr\/index.php?rest_route=\/wp\/v2\/media\/289"}],"wp:attachment":[{"href":"https:\/\/lesnouveauxmythes.sisternet.fr\/index.php?rest_route=%2Fwp%2Fv2%2Fmedia&parent=292"}],"wp:term":[{"taxonomy":"category","embeddable":true,"href":"https:\/\/lesnouveauxmythes.sisternet.fr\/index.php?rest_route=%2Fwp%2Fv2%2Fcategories&post=292"},{"taxonomy":"post_tag","embeddable":true,"href":"https:\/\/lesnouveauxmythes.sisternet.fr\/index.php?rest_route=%2Fwp%2Fv2%2Ftags&post=292"}],"curies":[{"name":"wp","href":"https:\/\/api.w.org\/{rel}","templated":true}]}}